{"id":16866,"date":"2020-11-26T00:52:03","date_gmt":"2020-11-26T00:52:03","guid":{"rendered":"https:\/\/waveofchange.com\/repercusiones-de-covid-19-en-la-pesca-en-pequena-escala\/"},"modified":"2021-01-07T00:05:24","modified_gmt":"2021-01-07T00:05:24","slug":"repercusiones-de-covid-19-en-la-pesca-en-pequena-escala","status":"publish","type":"post","link":"https:\/\/waveofchange.com\/es\/repercusiones-de-covid-19-en-la-pesca-en-pequena-escala\/","title":{"rendered":"Repercusiones de COVID-19 en la pesca en peque\u00f1a escala"},"content":{"rendered":"","protected":false},"excerpt":{"rendered":"","protected":false},"author":3,"featured_media":3173,"comment_status":"open","ping_status":"open","sticky":false,"template":"","format":"standard","meta":{"_acf_changed":false,"inline_featured_image":false,"_kad_post_transparent":"","_kad_post_title":"","_kad_post_layout":"","_kad_post_sidebar_id":"","_kad_post_content_style":"","_kad_post_vertical_padding":"","_kad_post_feature":"","_kad_post_feature_position":"","_kad_post_header":false,"_kad_post_footer":false,"footnotes":""},"categories":[71],"tags":[],"acf":[],"yoast_head":"<!-- This site is optimized with the Yoast SEO plugin v22.7 - https:\/\/yoast.com\/wordpress\/plugins\/seo\/ -->\n<title>Repercusiones de COVID-19 en la pesca en peque\u00f1a escala - Iberostar Wave of Change<\/title>\n<meta name=\"description\" content=\"Con la reducci\u00f3n de los esfuerzos pesqueros mundiales durante el cierre, \u00bftuvieron las poblaciones de peces la oportunidad de recuperarse?\" \/>\n<meta name=\"robots\" content=\"index, follow, max-snippet:-1, max-image-preview:large, max-video-preview:-1\" \/>\n<link rel=\"canonical\" href=\"https:\/\/waveofchange.com\/es\/repercusiones-de-covid-19-en-la-pesca-en-pequena-escala\/\" \/>\n<meta property=\"og:locale\" content=\"es_ES\" \/>\n<meta property=\"og:type\" content=\"article\" \/>\n<meta property=\"og:title\" content=\"Repercusiones de COVID-19 en la pesca en peque\u00f1a escala - Iberostar Wave of Change\" \/>\n<meta property=\"og:description\" content=\"Con la reducci\u00f3n de los esfuerzos pesqueros mundiales durante el cierre, \u00bftuvieron las poblaciones de peces la oportunidad de recuperarse?\" \/>\n<meta property=\"og:url\" content=\"https:\/\/waveofchange.com\/es\/repercusiones-de-covid-19-en-la-pesca-en-pequena-escala\/\" \/>\n<meta property=\"og:site_name\" content=\"Iberostar Wave of Change\" \/>\n<meta property=\"article:publisher\" content=\"https:\/\/www.facebook.com\/waveofchange\" \/>\n<meta property=\"article:published_time\" content=\"2020-11-26T00:52:03+00:00\" \/>\n<meta property=\"article:modified_time\" content=\"2021-01-07T00:05:24+00:00\" \/>\n<meta property=\"og:image\" content=\"https:\/\/waveofchange.com\/wp-content\/uploads\/2020\/11\/Tuna-1.jpg\" \/>\n\t<meta property=\"og:image:width\" content=\"1200\" \/>\n\t<meta property=\"og:image:height\" content=\"819\" \/>\n\t<meta property=\"og:image:type\" content=\"image\/jpeg\" \/>\n<meta name=\"author\" content=\"Nicholas\" \/>\n<meta name=\"twitter:card\" content=\"summary_large_image\" \/>\n<meta name=\"twitter:creator\" content=\"@waveofchange\" \/>\n<meta name=\"twitter:site\" content=\"@waveofchange\" \/>\n<script type=\"application\/ld+json\" class=\"yoast-schema-graph\">{\"@context\":\"https:\/\/schema.org\",\"@graph\":[{\"@type\":\"Article\",\"@id\":\"https:\/\/waveofchange.com\/es\/repercusiones-de-covid-19-en-la-pesca-en-pequena-escala\/#article\",\"isPartOf\":{\"@id\":\"https:\/\/waveofchange.com\/es\/repercusiones-de-covid-19-en-la-pesca-en-pequena-escala\/\"},\"author\":{\"name\":\"Nicholas\",\"@id\":\"https:\/\/waveofchange.com\/es\/#\/schema\/person\/b2d936645bbc3401add1a303b5281b99\"},\"headline\":\"Repercusiones de COVID-19 en la pesca en peque\u00f1a escala\",\"datePublished\":\"2020-11-26T00:52:03+00:00\",\"dateModified\":\"2021-01-07T00:05:24+00:00\",\"mainEntityOfPage\":{\"@id\":\"https:\/\/waveofchange.com\/es\/repercusiones-de-covid-19-en-la-pesca-en-pequena-escala\/\"},\"wordCount\":10,\"commentCount\":0,\"publisher\":{\"@id\":\"https:\/\/waveofchange.com\/es\/#organization\"},\"image\":{\"@id\":\"https:\/\/waveofchange.com\/es\/repercusiones-de-covid-19-en-la-pesca-en-pequena-escala\/#primaryimage\"},\"thumbnailUrl\":\"https:\/\/waveofchange.com\/wp-content\/uploads\/2020\/11\/Tuna-1.jpg\",\"articleSection\":[\"Responsible Seafood\"],\"inLanguage\":\"es\",\"potentialAction\":[{\"@type\":\"CommentAction\",\"name\":\"Comment\",\"target\":[\"https:\/\/waveofchange.com\/es\/repercusiones-de-covid-19-en-la-pesca-en-pequena-escala\/#respond\"]}]},{\"@type\":\"WebPage\",\"@id\":\"https:\/\/waveofchange.com\/es\/repercusiones-de-covid-19-en-la-pesca-en-pequena-escala\/\",\"url\":\"https:\/\/waveofchange.com\/es\/repercusiones-de-covid-19-en-la-pesca-en-pequena-escala\/\",\"name\":\"Repercusiones de COVID-19 en la pesca en peque\u00f1a escala - Iberostar Wave of Change\",\"isPartOf\":{\"@id\":\"https:\/\/waveofchange.com\/es\/#website\"},\"primaryImageOfPage\":{\"@id\":\"https:\/\/waveofchange.com\/es\/repercusiones-de-covid-19-en-la-pesca-en-pequena-escala\/#primaryimage\"},\"image\":{\"@id\":\"https:\/\/waveofchange.com\/es\/repercusiones-de-covid-19-en-la-pesca-en-pequena-escala\/#primaryimage\"},\"thumbnailUrl\":\"https:\/\/waveofchange.com\/wp-content\/uploads\/2020\/11\/Tuna-1.jpg\",\"datePublished\":\"2020-11-26T00:52:03+00:00\",\"dateModified\":\"2021-01-07T00:05:24+00:00\",\"description\":\"Con la reducci\u00f3n de los esfuerzos pesqueros mundiales durante el cierre, \u00bftuvieron las poblaciones de peces la oportunidad de recuperarse?\",\"breadcrumb\":{\"@id\":\"https:\/\/waveofchange.com\/es\/repercusiones-de-covid-19-en-la-pesca-en-pequena-escala\/#breadcrumb\"},\"inLanguage\":\"es\",\"potentialAction\":[{\"@type\":\"ReadAction\",\"target\":[\"https:\/\/waveofchange.com\/es\/repercusiones-de-covid-19-en-la-pesca-en-pequena-escala\/\"]}]},{\"@type\":\"ImageObject\",\"inLanguage\":\"es\",\"@id\":\"https:\/\/waveofchange.com\/es\/repercusiones-de-covid-19-en-la-pesca-en-pequena-escala\/#primaryimage\",\"url\":\"https:\/\/waveofchange.com\/wp-content\/uploads\/2020\/11\/Tuna-1.jpg\",\"contentUrl\":\"https:\/\/waveofchange.com\/wp-content\/uploads\/2020\/11\/Tuna-1.jpg\",\"width\":1200,\"height\":819,\"caption\":\"El at\u00fan de aleta amarilla se captura frente a las Maldivas, en el Oc\u00e9ano \u00cdndico, en noviembre de 2016. DESCARGANDO CUALQUIER IMAGEN DE ESTE SITIO WEB QUE USTED ACEPTE: 1) No mostrar im\u00e1genes en los productos o sus envases cuando los productos se vendan o comercialicen a cambio de dinero u otra contraprestaci\u00f3n, o 2) No vender o distribuir las im\u00e1genes a otros a cambio de dinero u otra contraprestaci\u00f3n. S\u00d3LO puede utilizar las Im\u00e1genes para promocionar un producto, servicio, causa social u otro mensaje p\u00fablico asociado con el programa de certificaci\u00f3n de Comercio Justo de Fair Trade USA, incluyendo sin limitaci\u00f3n los sitios web, los medios sociales, los materiales impresos, los stands de ferias comerciales y los materiales de punto de venta. Use la contrase\u00f1a: FTUSA\"},{\"@type\":\"BreadcrumbList\",\"@id\":\"https:\/\/waveofchange.com\/es\/repercusiones-de-covid-19-en-la-pesca-en-pequena-escala\/#breadcrumb\",\"itemListElement\":[{\"@type\":\"ListItem\",\"position\":1,\"name\":\"Home\",\"item\":\"https:\/\/waveofchange.com\/es\/\"},{\"@type\":\"ListItem\",\"position\":2,\"name\":\"Repercusiones de COVID-19 en la pesca en peque\u00f1a escala\"}]},{\"@type\":\"WebSite\",\"@id\":\"https:\/\/waveofchange.com\/es\/#website\",\"url\":\"https:\/\/waveofchange.com\/es\/\",\"name\":\"Iberostar Wave of Change\",\"description\":\"Creating transformational strategy for a responsible tourism model\",\"publisher\":{\"@id\":\"https:\/\/waveofchange.com\/es\/#organization\"},\"potentialAction\":[{\"@type\":\"SearchAction\",\"target\":{\"@type\":\"EntryPoint\",\"urlTemplate\":\"https:\/\/waveofchange.com\/es\/?s={search_term_string}\"},\"query-input\":\"required name=search_term_string\"}],\"inLanguage\":\"es\"},{\"@type\":\"Organization\",\"@id\":\"https:\/\/waveofchange.com\/es\/#organization\",\"name\":\"Wave of Change\",\"url\":\"https:\/\/waveofchange.com\/es\/\",\"logo\":{\"@type\":\"ImageObject\",\"inLanguage\":\"es\",\"@id\":\"https:\/\/waveofchange.com\/es\/#\/schema\/logo\/image\/\",\"url\":\"https:\/\/waveofchange.com\/wp-content\/uploads\/2020\/11\/logo.svg\",\"contentUrl\":\"https:\/\/waveofchange.com\/wp-content\/uploads\/2020\/11\/logo.svg\",\"width\":1,\"height\":1,\"caption\":\"Wave of Change\"},\"image\":{\"@id\":\"https:\/\/waveofchange.com\/es\/#\/schema\/logo\/image\/\"},\"sameAs\":[\"https:\/\/www.facebook.com\/waveofchange\",\"https:\/\/x.com\/waveofchange\",\"https:\/\/www.instagram.com\/waveofchange\/\"]},{\"@type\":\"Person\",\"@id\":\"https:\/\/waveofchange.com\/es\/#\/schema\/person\/b2d936645bbc3401add1a303b5281b99\",\"name\":\"Nicholas\",\"image\":{\"@type\":\"ImageObject\",\"inLanguage\":\"es\",\"@id\":\"https:\/\/waveofchange.com\/es\/#\/schema\/person\/image\/\",\"url\":\"https:\/\/secure.gravatar.com\/avatar\/0e0630b1ae1e2f5a76eab9f765a6c2a1?s=96&d=mm&r=g\",\"contentUrl\":\"https:\/\/secure.gravatar.com\/avatar\/0e0630b1ae1e2f5a76eab9f765a6c2a1?s=96&d=mm&r=g\",\"caption\":\"Nicholas\"}}]}<\/script>\n<!-- \/ Yoast SEO plugin. -->","yoast_head_json":{"title":"Repercusiones de COVID-19 en la pesca en peque\u00f1a escala - Iberostar Wave of Change","description":"Con la reducci\u00f3n de los esfuerzos pesqueros mundiales durante el cierre, \u00bftuvieron las poblaciones de peces la oportunidad de recuperarse?","robots":{"index":"index","follow":"follow","max-snippet":"max-snippet:-1","max-image-preview":"max-image-preview:large","max-video-preview":"max-video-preview:-1"},"canonical":"https:\/\/waveofchange.com\/es\/repercusiones-de-covid-19-en-la-pesca-en-pequena-escala\/","og_locale":"es_ES","og_type":"article","og_title":"Repercusiones de COVID-19 en la pesca en peque\u00f1a escala - Iberostar Wave of Change","og_description":"Con la reducci\u00f3n de los esfuerzos pesqueros mundiales durante el cierre, \u00bftuvieron las poblaciones de peces la oportunidad de recuperarse?","og_url":"https:\/\/waveofchange.com\/es\/repercusiones-de-covid-19-en-la-pesca-en-pequena-escala\/","og_site_name":"Iberostar Wave of Change","article_publisher":"https:\/\/www.facebook.com\/waveofchange","article_published_time":"2020-11-26T00:52:03+00:00","article_modified_time":"2021-01-07T00:05:24+00:00","og_image":[{"width":1200,"height":819,"url":"https:\/\/waveofchange.com\/wp-content\/uploads\/2020\/11\/Tuna-1.jpg","type":"image\/jpeg"}],"author":"Nicholas","twitter_card":"summary_large_image","twitter_creator":"@waveofchange","twitter_site":"@waveofchange","schema":{"@context":"https:\/\/schema.org","@graph":[{"@type":"Article","@id":"https:\/\/waveofchange.com\/es\/repercusiones-de-covid-19-en-la-pesca-en-pequena-escala\/#article","isPartOf":{"@id":"https:\/\/waveofchange.com\/es\/repercusiones-de-covid-19-en-la-pesca-en-pequena-escala\/"},"author":{"name":"Nicholas","@id":"https:\/\/waveofchange.com\/es\/#\/schema\/person\/b2d936645bbc3401add1a303b5281b99"},"headline":"Repercusiones de COVID-19 en la pesca en peque\u00f1a escala","datePublished":"2020-11-26T00:52:03+00:00","dateModified":"2021-01-07T00:05:24+00:00","mainEntityOfPage":{"@id":"https:\/\/waveofchange.com\/es\/repercusiones-de-covid-19-en-la-pesca-en-pequena-escala\/"},"wordCount":10,"commentCount":0,"publisher":{"@id":"https:\/\/waveofchange.com\/es\/#organization"},"image":{"@id":"https:\/\/waveofchange.com\/es\/repercusiones-de-covid-19-en-la-pesca-en-pequena-escala\/#primaryimage"},"thumbnailUrl":"https:\/\/waveofchange.com\/wp-content\/uploads\/2020\/11\/Tuna-1.jpg","articleSection":["Responsible Seafood"],"inLanguage":"es","potentialAction":[{"@type":"CommentAction","name":"Comment","target":["https:\/\/waveofchange.com\/es\/repercusiones-de-covid-19-en-la-pesca-en-pequena-escala\/#respond"]}]},{"@type":"WebPage","@id":"https:\/\/waveofchange.com\/es\/repercusiones-de-covid-19-en-la-pesca-en-pequena-escala\/","url":"https:\/\/waveofchange.com\/es\/repercusiones-de-covid-19-en-la-pesca-en-pequena-escala\/","name":"Repercusiones de COVID-19 en la pesca en peque\u00f1a escala - Iberostar Wave of Change","isPartOf":{"@id":"https:\/\/waveofchange.com\/es\/#website"},"primaryImageOfPage":{"@id":"https:\/\/waveofchange.com\/es\/repercusiones-de-covid-19-en-la-pesca-en-pequena-escala\/#primaryimage"},"image":{"@id":"https:\/\/waveofchange.com\/es\/repercusiones-de-covid-19-en-la-pesca-en-pequena-escala\/#primaryimage"},"thumbnailUrl":"https:\/\/waveofchange.com\/wp-content\/uploads\/2020\/11\/Tuna-1.jpg","datePublished":"2020-11-26T00:52:03+00:00","dateModified":"2021-01-07T00:05:24+00:00","description":"Con la reducci\u00f3n de los esfuerzos pesqueros mundiales durante el cierre, \u00bftuvieron las poblaciones de peces la oportunidad de recuperarse?","breadcrumb":{"@id":"https:\/\/waveofchange.com\/es\/repercusiones-de-covid-19-en-la-pesca-en-pequena-escala\/#breadcrumb"},"inLanguage":"es","potentialAction":[{"@type":"ReadAction","target":["https:\/\/waveofchange.com\/es\/repercusiones-de-covid-19-en-la-pesca-en-pequena-escala\/"]}]},{"@type":"ImageObject","inLanguage":"es","@id":"https:\/\/waveofchange.com\/es\/repercusiones-de-covid-19-en-la-pesca-en-pequena-escala\/#primaryimage","url":"https:\/\/waveofchange.com\/wp-content\/uploads\/2020\/11\/Tuna-1.jpg","contentUrl":"https:\/\/waveofchange.com\/wp-content\/uploads\/2020\/11\/Tuna-1.jpg","width":1200,"height":819,"caption":"El at\u00fan de aleta amarilla se captura frente a las Maldivas, en el Oc\u00e9ano \u00cdndico, en noviembre de 2016. DESCARGANDO CUALQUIER IMAGEN DE ESTE SITIO WEB QUE USTED ACEPTE: 1) No mostrar im\u00e1genes en los productos o sus envases cuando los productos se vendan o comercialicen a cambio de dinero u otra contraprestaci\u00f3n, o 2) No vender o distribuir las im\u00e1genes a otros a cambio de dinero u otra contraprestaci\u00f3n. S\u00d3LO puede utilizar las Im\u00e1genes para promocionar un producto, servicio, causa social u otro mensaje p\u00fablico asociado con el programa de certificaci\u00f3n de Comercio Justo de Fair Trade USA, incluyendo sin limitaci\u00f3n los sitios web, los medios sociales, los materiales impresos, los stands de ferias comerciales y los materiales de punto de venta. Use la contrase\u00f1a: FTUSA"},{"@type":"BreadcrumbList","@id":"https:\/\/waveofchange.com\/es\/repercusiones-de-covid-19-en-la-pesca-en-pequena-escala\/#breadcrumb","itemListElement":[{"@type":"ListItem","position":1,"name":"Home","item":"https:\/\/waveofchange.com\/es\/"},{"@type":"ListItem","position":2,"name":"Repercusiones de COVID-19 en la pesca en peque\u00f1a escala"}]},{"@type":"WebSite","@id":"https:\/\/waveofchange.com\/es\/#website","url":"https:\/\/waveofchange.com\/es\/","name":"Iberostar Wave of Change","description":"Creating transformational strategy for a responsible tourism model","publisher":{"@id":"https:\/\/waveofchange.com\/es\/#organization"},"potentialAction":[{"@type":"SearchAction","target":{"@type":"EntryPoint","urlTemplate":"https:\/\/waveofchange.com\/es\/?s={search_term_string}"},"query-input":"required name=search_term_string"}],"inLanguage":"es"},{"@type":"Organization","@id":"https:\/\/waveofchange.com\/es\/#organization","name":"Wave of Change","url":"https:\/\/waveofchange.com\/es\/","logo":{"@type":"ImageObject","inLanguage":"es","@id":"https:\/\/waveofchange.com\/es\/#\/schema\/logo\/image\/","url":"https:\/\/waveofchange.com\/wp-content\/uploads\/2020\/11\/logo.svg","contentUrl":"https:\/\/waveofchange.com\/wp-content\/uploads\/2020\/11\/logo.svg","width":1,"height":1,"caption":"Wave of Change"},"image":{"@id":"https:\/\/waveofchange.com\/es\/#\/schema\/logo\/image\/"},"sameAs":["https:\/\/www.facebook.com\/waveofchange","https:\/\/x.com\/waveofchange","https:\/\/www.instagram.com\/waveofchange\/"]},{"@type":"Person","@id":"https:\/\/waveofchange.com\/es\/#\/schema\/person\/b2d936645bbc3401add1a303b5281b99","name":"Nicholas","image":{"@type":"ImageObject","inLanguage":"es","@id":"https:\/\/waveofchange.com\/es\/#\/schema\/person\/image\/","url":"https:\/\/secure.gravatar.com\/avatar\/0e0630b1ae1e2f5a76eab9f765a6c2a1?s=96&d=mm&r=g","contentUrl":"https:\/\/secure.gravatar.com\/avatar\/0e0630b1ae1e2f5a76eab9f765a6c2a1?s=96&d=mm&r=g","caption":"Nicholas"}}]}},"_links":{"self":[{"href":"https:\/\/waveofchange.com\/es\/wp-json\/wp\/v2\/posts\/16866"}],"collection":[{"href":"https:\/\/waveofchange.com\/es\/wp-json\/wp\/v2\/posts"}],"about":[{"href":"https:\/\/waveofchange.com\/es\/wp-json\/wp\/v2\/types\/post"}],"author":[{"embeddable":true,"href":"https:\/\/waveofchange.com\/es\/wp-json\/wp\/v2\/users\/3"}],"replies":[{"embeddable":true,"href":"https:\/\/waveofchange.com\/es\/wp-json\/wp\/v2\/comments?post=16866"}],"version-history":[{"count":0,"href":"https:\/\/waveofchange.com\/es\/wp-json\/wp\/v2\/posts\/16866\/revisions"}],"wp:featuredmedia":[{"embeddable":true,"href":"https:\/\/waveofchange.com\/es\/wp-json\/wp\/v2\/media\/3173"}],"wp:attachment":[{"href":"https:\/\/waveofchange.com\/es\/wp-json\/wp\/v2\/media?parent=16866"}],"wp:term":[{"taxonomy":"category","embeddable":true,"href":"https:\/\/waveofchange.com\/es\/wp-json\/wp\/v2\/categories?post=16866"},{"taxonomy":"post_tag","embeddable":true,"href":"https:\/\/waveofchange.com\/es\/wp-json\/wp\/v2\/tags?post=16866"}],"curies":[{"name":"wp","href":"https:\/\/api.w.org\/{rel}","templated":true}]}}